{"id":183,"date":"2023-10-17T23:17:44","date_gmt":"2023-10-17T23:17:44","guid":{"rendered":"http:\/\/propuesta.cooperadoresdedios.org\/?p=183"},"modified":"2023-12-07T13:04:17","modified_gmt":"2023-12-07T13:04:17","slug":"pater-noster","status":"publish","type":"post","link":"https:\/\/www.cooperadoresdedios.org\/index.php\/2023\/10\/17\/pater-noster\/","title":{"rendered":"Pater Noster &#8211; Padre Nuestro en Lat\u00edn"},"content":{"rendered":"\n<p>Oraci\u00f3n Padre Nuestro en Lat\u00edn<\/p>\n\n\n\n<figure class=\"wp-block-audio\"><audio controls src=\"\/wp-content\/uploads\/2023\/10\/PaterNoster.mp3\"><\/audio><\/figure>\n\n\n\n<p><strong>Pater noster<\/strong><br> \u2123. Pater noster, qui es in C\u0153lis, sanctific\u00e9tur nomen tuum,<br> adv\u00e9niat Regnum tuum. Fiat vol\u00fantas tua, sicut in C\u0153lo et in terra. <br> \u211f. Panem nostrum quotidi\u00e1num da nobis h\u00f3die. <br> Et dim\u00edtte nobis d\u00e9bita nostra, sicut et nos dim\u00edttimus debit\u00f3ribus nostris. <br> Et ne nos ind\u00facas in tentati\u00f3nem, sed l\u00edbera nos a malo. Amen.<\/p>\n","protected":false},"excerpt":{"rendered":"<p>Oraci\u00f3n Padre Nuestro en Lat\u00edn Pater noster \u2123. Pater noster, qui es in C\u0153lis, sanctific\u00e9tur nomen tuum, adv\u00e9niat Regnum tuum. Fiat vol\u00fantas tua, sicut in C\u0153lo et in terra. \u211f. Panem nostrum quotidi\u00e1num da nobis h\u00f3die. Et dim\u00edtte nobis d\u00e9bita nostra, sicut et nos dim\u00edttimus debit\u00f3ribus nostris. Et ne nos ind\u00facas in tentati\u00f3nem, sed l\u00edbera [&hellip;]<\/p>\n","protected":false},"author":1,"featured_media":0,"comment_status":"closed","ping_status":"closed","sticky":false,"template":"","format":"standard","meta":{"footnotes":""},"categories":[62,6],"tags":[120,106],"class_list":["post-183","post","type-post","status-publish","format-standard","hentry","category-vina-educacion-para-la-fe-devocionario","category-vina-pastoral-oraciones-latin","tag-devocionario","tag-oraciones-en-latin"],"_links":{"self":[{"href":"https:\/\/www.cooperadoresdedios.org\/index.php\/wp-json\/wp\/v2\/posts\/183","targetHints":{"allow":["GET"]}}],"collection":[{"href":"https:\/\/www.cooperadoresdedios.org\/index.php\/wp-json\/wp\/v2\/posts"}],"about":[{"href":"https:\/\/www.cooperadoresdedios.org\/index.php\/wp-json\/wp\/v2\/types\/post"}],"author":[{"embeddable":true,"href":"https:\/\/www.cooperadoresdedios.org\/index.php\/wp-json\/wp\/v2\/users\/1"}],"replies":[{"embeddable":true,"href":"https:\/\/www.cooperadoresdedios.org\/index.php\/wp-json\/wp\/v2\/comments?post=183"}],"version-history":[{"count":5,"href":"https:\/\/www.cooperadoresdedios.org\/index.php\/wp-json\/wp\/v2\/posts\/183\/revisions"}],"predecessor-version":[{"id":2417,"href":"https:\/\/www.cooperadoresdedios.org\/index.php\/wp-json\/wp\/v2\/posts\/183\/revisions\/2417"}],"wp:attachment":[{"href":"https:\/\/www.cooperadoresdedios.org\/index.php\/wp-json\/wp\/v2\/media?parent=183"}],"wp:term":[{"taxonomy":"category","embeddable":true,"href":"https:\/\/www.cooperadoresdedios.org\/index.php\/wp-json\/wp\/v2\/categories?post=183"},{"taxonomy":"post_tag","embeddable":true,"href":"https:\/\/www.cooperadoresdedios.org\/index.php\/wp-json\/wp\/v2\/tags?post=183"}],"curies":[{"name":"wp","href":"https:\/\/api.w.org\/{rel}","templated":true}]}}