{"id":240,"date":"2023-10-18T20:16:02","date_gmt":"2023-10-18T20:16:02","guid":{"rendered":"http:\/\/propuesta.cooperadoresdedios.org\/?p=240"},"modified":"2023-12-07T14:44:10","modified_gmt":"2023-12-07T14:44:10","slug":"consagracion-de-las-familias-al-corazon-inmaculado-de-maria","status":"publish","type":"post","link":"https:\/\/www.cooperadoresdedios.org\/index.php\/2023\/10\/18\/consagracion-de-las-familias-al-corazon-inmaculado-de-maria\/","title":{"rendered":"Consagraci\u00f3n de las familias al Coraz\u00f3n Inmaculado de Mar\u00eda"},"content":{"rendered":"\n<p style=\"text-align:left\">Pongamos en manos de Mar\u00eda nuestros hogares y familia y compartamos el amor de Dios a trav\u00e9s de esta Consagraci\u00f3n de las familias al Coraz\u00f3n Inmaculado de Mar\u00eda<br><br><br><\/p>\n\n\n\n<p> <\/p>\n\n\n\n<div class=\"wp-block-image\"><figure class=\"alignleft is-resized\"><img loading=\"lazy\" decoding=\"async\" src=\"http:\/\/propuesta.cooperadoresdedios.org\/wp-content\/uploads\/2023\/10\/consagracion-familias-inmaculado-corazon-de-maria.jpg\" alt=\"\" width=\"354\" height=\"477\"\/><\/figure><\/div>\n\n\n\n<h4 class=\"wp-block-heading\"><strong>Consagraci\u00f3n del hogar y la familia al Inmaculado Coraz\u00f3n de Mar\u00eda<\/strong><\/h4>\n\n\n\n<p><br>\u00a1Oh Virgen Mar\u00eda!, queremos consagrar hoy nuestro hogar y cuantos lo habitan a vuestro Pur\u00edsimo Coraz\u00f3n.<br><br>Que nuestra casa, como la tuya de Nazaret, llegue a ser un oasis de paz y felicidad por:<br>&#8211; el cumplimiento de la voluntad de Dios,<br>&#8211; la pr\u00e1ctica de la caridad,<br>&#8211; y el abandono a la Divina Providencia,<\/p>\n\n\n\n<p>\u00a1Que nos amemos todos como Cristo nos ense\u00f1\u00f3!. Ay\u00fadanos a vivir siempre cristianamente y envu\u00e9lvenos en tu ternura.<\/p>\n\n\n\n<p>Te pido por los hijos que Dios nos ha dado (se citan los nombres) para que los libres de todo mal y peligro de alma y cuerpo, y los guardes dentro de Tu Coraz\u00f3n Inmaculado. D\u00edgnate, Madre nuestra, transformar nuestro hogar en un peque\u00f1o cielo, consagrados todos a vuestro Coraz\u00f3n Inmaculado. Am\u00e9n.<\/p>\n\n\n\n<p>\u00a1Coraz\u00f3n Inmaculado de Mar\u00eda, s\u00e1lvanos! Am\u00e9n. <\/p>\n\n\n\n<p><\/p>\n\n\n\n<p><\/p>\n\n\n\n<p><\/p>\n\n\n\n<p><\/p>\n\n\n\n<p><\/p>\n\n\n\n<p><\/p>\n","protected":false},"excerpt":{"rendered":"<p>Pongamos en manos de Mar\u00eda nuestros hogares y familia y compartamos el amor de Dios a trav\u00e9s de esta Consagraci\u00f3n de las familias al Coraz\u00f3n Inmaculado de Mar\u00eda Consagraci\u00f3n del hogar y la familia al Inmaculado Coraz\u00f3n de Mar\u00eda \u00a1Oh Virgen Mar\u00eda!, queremos consagrar hoy nuestro hogar y cuantos lo habitan a vuestro Pur\u00edsimo Coraz\u00f3n. [&hellip;]<\/p>\n","protected":false},"author":1,"featured_media":244,"comment_status":"open","ping_status":"open","sticky":false,"template":"","format":"standard","meta":{"footnotes":""},"categories":[60,86],"tags":[109],"class_list":["post-240","post","type-post","status-publish","format-standard","has-post-thumbnail","hentry","category-vina-educacion-para-la-fe-consagraciones","category-vina-educacion-para-la-fe-consagraciones-sagrado-corazon","tag-consagraciones"],"_links":{"self":[{"href":"https:\/\/www.cooperadoresdedios.org\/index.php\/wp-json\/wp\/v2\/posts\/240","targetHints":{"allow":["GET"]}}],"collection":[{"href":"https:\/\/www.cooperadoresdedios.org\/index.php\/wp-json\/wp\/v2\/posts"}],"about":[{"href":"https:\/\/www.cooperadoresdedios.org\/index.php\/wp-json\/wp\/v2\/types\/post"}],"author":[{"embeddable":true,"href":"https:\/\/www.cooperadoresdedios.org\/index.php\/wp-json\/wp\/v2\/users\/1"}],"replies":[{"embeddable":true,"href":"https:\/\/www.cooperadoresdedios.org\/index.php\/wp-json\/wp\/v2\/comments?post=240"}],"version-history":[{"count":11,"href":"https:\/\/www.cooperadoresdedios.org\/index.php\/wp-json\/wp\/v2\/posts\/240\/revisions"}],"predecessor-version":[{"id":2436,"href":"https:\/\/www.cooperadoresdedios.org\/index.php\/wp-json\/wp\/v2\/posts\/240\/revisions\/2436"}],"wp:featuredmedia":[{"embeddable":true,"href":"https:\/\/www.cooperadoresdedios.org\/index.php\/wp-json\/wp\/v2\/media\/244"}],"wp:attachment":[{"href":"https:\/\/www.cooperadoresdedios.org\/index.php\/wp-json\/wp\/v2\/media?parent=240"}],"wp:term":[{"taxonomy":"category","embeddable":true,"href":"https:\/\/www.cooperadoresdedios.org\/index.php\/wp-json\/wp\/v2\/categories?post=240"},{"taxonomy":"post_tag","embeddable":true,"href":"https:\/\/www.cooperadoresdedios.org\/index.php\/wp-json\/wp\/v2\/tags?post=240"}],"curies":[{"name":"wp","href":"https:\/\/api.w.org\/{rel}","templated":true}]}}